{"id":12034,"date":"2026-03-15T15:23:55","date_gmt":"2026-03-15T12:23:55","guid":{"rendered":"https:\/\/yelekdernegi.net\/tr\/?p=12034"},"modified":"2026-03-15T15:23:56","modified_gmt":"2026-03-15T12:23:56","slug":"eyup-tay-vefat-etmistir","status":"publish","type":"post","link":"http:\/\/yelekdernegi.net\/tr\/eyup-tay-vefat-etmistir\/","title":{"rendered":"EY\u00dcP TAY VEFAT ETM\u0130\u015eT\u0130R"},"content":{"rendered":"\n<figure class=\"wp-block-image size-full\"><img loading=\"lazy\" decoding=\"async\" width=\"580\" height=\"281\" src=\"https:\/\/yelekdernegi.net\/tr\/wp-content\/uploads\/2026\/03\/Eyup-TAY.jpg\" alt=\"\" class=\"wp-image-12035\" srcset=\"https:\/\/yelekdernegi.net\/tr\/wp-content\/uploads\/2026\/03\/Eyup-TAY.jpg 580w, https:\/\/yelekdernegi.net\/tr\/wp-content\/uploads\/2026\/03\/Eyup-TAY-300x145.jpg 300w\" sizes=\"auto, (max-width: 580px) 100vw, 580px\" \/><\/figure>\n\n\n\n<p><\/p>\n\n\n\n<p class=\"has-medium-font-size\">EY\u00dcP TAY VEFAT ETM\u0130\u015eT\u0130R<\/p>\n\n\n\n<p class=\"has-medium-font-size\">K\u00f6y\u00fcm\u00fcz halk\u0131ndan Ali TAY\u2019\u0131n (Kadakali) o\u011flu Ey\u00fcp TAY vefat etmi\u015ftir. Cenazesi 16.03.2026 (Ya\u011fr\u0131n) \u00f6\u011fle namaz\u0131ndan sonra Yelek K\u00f6y\u00fcnde defin edilecektir. Taziyeler ise Ankara\u2019daki evinde kabul edilecektir. Merhuma Allah\u2019tan rahmet diler geride kalan ailesi ve yak\u0131nlar\u0131na ba\u015f sa\u011fl\u0131\u011f\u0131 dileriz. \u0130leti\u015fim Tel: &nbsp;O\u011flu: Tarkan TAY: 0549 409 06 40<\/p>\n\n\n\n<p class=\"has-medium-font-size\">DARNEK Y\u00d6NET\u0130M\u0130<\/p>\n","protected":false},"excerpt":{"rendered":"<p>EY\u00dcP TAY VEFAT ETM\u0130\u015eT\u0130R K\u00f6y\u00fcm\u00fcz halk\u0131ndan Ali TAY\u2019\u0131n (Kadakali) o\u011flu Ey\u00fcp TAY vefat etmi\u015ftir. Cenazesi 16.03.2026 (Ya\u011fr\u0131n) \u00f6\u011fle namaz\u0131ndan sonra Yelek K\u00f6y\u00fcnde defin edilecektir. Taziyeler ise Ankara\u2019daki evinde kabul edilecektir. Merhuma Allah\u2019tan rahmet diler geride kalan ailesi ve yak\u0131nlar\u0131na ba\u015f sa\u011fl\u0131\u011f\u0131 dileriz. \u0130leti\u015fim Tel: &nbsp;O\u011flu: Tarkan TAY: 0549 409 06 40 DARNEK Y\u00d6NET\u0130M\u0130<\/p>\n","protected":false},"author":8,"featured_media":12035,"comment_status":"open","ping_status":"closed","sticky":false,"template":"","format":"standard","meta":{"footnotes":""},"categories":[5,1,10],"tags":[],"class_list":["post-12034","post","type-post","status-publish","format-standard","has-post-thumbnail","hentry","category-duyurular","category-haberler","category-vefat-haberleri"],"_links":{"self":[{"href":"http:\/\/yelekdernegi.net\/tr\/wp-json\/wp\/v2\/posts\/12034","targetHints":{"allow":["GET"]}}],"collection":[{"href":"http:\/\/yelekdernegi.net\/tr\/wp-json\/wp\/v2\/posts"}],"about":[{"href":"http:\/\/yelekdernegi.net\/tr\/wp-json\/wp\/v2\/types\/post"}],"author":[{"embeddable":true,"href":"http:\/\/yelekdernegi.net\/tr\/wp-json\/wp\/v2\/users\/8"}],"replies":[{"embeddable":true,"href":"http:\/\/yelekdernegi.net\/tr\/wp-json\/wp\/v2\/comments?post=12034"}],"version-history":[{"count":1,"href":"http:\/\/yelekdernegi.net\/tr\/wp-json\/wp\/v2\/posts\/12034\/revisions"}],"predecessor-version":[{"id":12036,"href":"http:\/\/yelekdernegi.net\/tr\/wp-json\/wp\/v2\/posts\/12034\/revisions\/12036"}],"wp:featuredmedia":[{"embeddable":true,"href":"http:\/\/yelekdernegi.net\/tr\/wp-json\/wp\/v2\/media\/12035"}],"wp:attachment":[{"href":"http:\/\/yelekdernegi.net\/tr\/wp-json\/wp\/v2\/media?parent=12034"}],"wp:term":[{"taxonomy":"category","embeddable":true,"href":"http:\/\/yelekdernegi.net\/tr\/wp-json\/wp\/v2\/categories?post=12034"},{"taxonomy":"post_tag","embeddable":true,"href":"http:\/\/yelekdernegi.net\/tr\/wp-json\/wp\/v2\/tags?post=12034"}],"curies":[{"name":"wp","href":"https:\/\/api.w.org\/{rel}","templated":true}]}}