{"id":12028,"date":"2026-03-05T09:33:44","date_gmt":"2026-03-05T06:33:44","guid":{"rendered":"https:\/\/yelekdernegi.net\/tr\/?p=12028"},"modified":"2026-03-05T09:33:45","modified_gmt":"2026-03-05T06:33:45","slug":"omer-guzel-vefat-etmistir","status":"publish","type":"post","link":"http:\/\/yelekdernegi.net\/tr\/omer-guzel-vefat-etmistir\/","title":{"rendered":"\u00d6MER G\u00dcZEL VEFAT ETM\u0130\u015eT\u0130R"},"content":{"rendered":"\n<figure class=\"wp-block-image size-full\"><img loading=\"lazy\" decoding=\"async\" width=\"580\" height=\"281\" src=\"https:\/\/yelekdernegi.net\/tr\/wp-content\/uploads\/2026\/03\/oMER-guzel-04.03.jpg\" alt=\"\" class=\"wp-image-12029\" srcset=\"https:\/\/yelekdernegi.net\/tr\/wp-content\/uploads\/2026\/03\/oMER-guzel-04.03.jpg 580w, https:\/\/yelekdernegi.net\/tr\/wp-content\/uploads\/2026\/03\/oMER-guzel-04.03-300x145.jpg 300w\" sizes=\"auto, (max-width: 580px) 100vw, 580px\" \/><\/figure>\n\n\n\n<p><\/p>\n\n\n\n<p>\u00d6MER G\u00dcZEL VEFAT ETM\u0130\u015eT\u0130R<\/p>\n\n\n\n<p class=\"has-medium-font-size\">K\u00f6y\u00fcm\u00fcz Halk\u0131ndan Hasan O\u011flu \u00d6mer G\u00fczel Vefat Etmi\u015ftir. Cenazesi 05.03.2026 Per\u015fembe g\u00fcn\u00fc \u00d6\u011flen Namaz\u0131ndan sonra Yelek K\u00f6y\u00fcnde defin edilecektir. Merhuma Allahtan rahmet diler geride kalan ailesi ve yak\u0131nlar\u0131na ba\u015fsa\u011fl\u0131\u011f\u0131 dileriz.<\/p>\n\n\n\n<p class=\"has-medium-font-size\">DERNEK Y\u00d6NET\u0130M\u0130<\/p>\n","protected":false},"excerpt":{"rendered":"<p>\u00d6MER G\u00dcZEL VEFAT ETM\u0130\u015eT\u0130R K\u00f6y\u00fcm\u00fcz Halk\u0131ndan Hasan O\u011flu \u00d6mer G\u00fczel Vefat Etmi\u015ftir. Cenazesi 05.03.2026 Per\u015fembe g\u00fcn\u00fc \u00d6\u011flen Namaz\u0131ndan sonra Yelek K\u00f6y\u00fcnde defin edilecektir. Merhuma Allahtan rahmet diler geride kalan ailesi ve yak\u0131nlar\u0131na ba\u015fsa\u011fl\u0131\u011f\u0131 dileriz. DERNEK Y\u00d6NET\u0130M\u0130<\/p>\n","protected":false},"author":8,"featured_media":12029,"comment_status":"open","ping_status":"closed","sticky":false,"template":"","format":"standard","meta":{"footnotes":""},"categories":[5,1,10],"tags":[],"class_list":["post-12028","post","type-post","status-publish","format-standard","has-post-thumbnail","hentry","category-duyurular","category-haberler","category-vefat-haberleri"],"_links":{"self":[{"href":"http:\/\/yelekdernegi.net\/tr\/wp-json\/wp\/v2\/posts\/12028","targetHints":{"allow":["GET"]}}],"collection":[{"href":"http:\/\/yelekdernegi.net\/tr\/wp-json\/wp\/v2\/posts"}],"about":[{"href":"http:\/\/yelekdernegi.net\/tr\/wp-json\/wp\/v2\/types\/post"}],"author":[{"embeddable":true,"href":"http:\/\/yelekdernegi.net\/tr\/wp-json\/wp\/v2\/users\/8"}],"replies":[{"embeddable":true,"href":"http:\/\/yelekdernegi.net\/tr\/wp-json\/wp\/v2\/comments?post=12028"}],"version-history":[{"count":1,"href":"http:\/\/yelekdernegi.net\/tr\/wp-json\/wp\/v2\/posts\/12028\/revisions"}],"predecessor-version":[{"id":12030,"href":"http:\/\/yelekdernegi.net\/tr\/wp-json\/wp\/v2\/posts\/12028\/revisions\/12030"}],"wp:featuredmedia":[{"embeddable":true,"href":"http:\/\/yelekdernegi.net\/tr\/wp-json\/wp\/v2\/media\/12029"}],"wp:attachment":[{"href":"http:\/\/yelekdernegi.net\/tr\/wp-json\/wp\/v2\/media?parent=12028"}],"wp:term":[{"taxonomy":"category","embeddable":true,"href":"http:\/\/yelekdernegi.net\/tr\/wp-json\/wp\/v2\/categories?post=12028"},{"taxonomy":"post_tag","embeddable":true,"href":"http:\/\/yelekdernegi.net\/tr\/wp-json\/wp\/v2\/tags?post=12028"}],"curies":[{"name":"wp","href":"https:\/\/api.w.org\/{rel}","templated":true}]}}