{"id":11848,"date":"2025-11-28T20:03:59","date_gmt":"2025-11-28T17:03:59","guid":{"rendered":"https:\/\/yelekdernegi.net\/tr\/?p=11848"},"modified":"2025-11-28T20:04:00","modified_gmt":"2025-11-28T17:04:00","slug":"haydar-kulaksiz-vefat-etmistir","status":"publish","type":"post","link":"http:\/\/yelekdernegi.net\/tr\/haydar-kulaksiz-vefat-etmistir\/","title":{"rendered":"HAYDAR KULAKSIZ VEFAT ETM\u0130\u015eT\u0130R"},"content":{"rendered":"\n<figure class=\"wp-block-image size-full\"><img loading=\"lazy\" decoding=\"async\" width=\"957\" height=\"540\" src=\"https:\/\/yelekdernegi.net\/tr\/wp-content\/uploads\/2025\/11\/589944581_1509225264543664_1995015693288235054_n.jpg\" alt=\"\" class=\"wp-image-11849\" srcset=\"https:\/\/yelekdernegi.net\/tr\/wp-content\/uploads\/2025\/11\/589944581_1509225264543664_1995015693288235054_n.jpg 957w, https:\/\/yelekdernegi.net\/tr\/wp-content\/uploads\/2025\/11\/589944581_1509225264543664_1995015693288235054_n-300x169.jpg 300w, https:\/\/yelekdernegi.net\/tr\/wp-content\/uploads\/2025\/11\/589944581_1509225264543664_1995015693288235054_n-768x433.jpg 768w\" sizes=\"auto, (max-width: 957px) 100vw, 957px\" \/><\/figure>\n\n\n\n<p><\/p>\n\n\n\n<p class=\"has-medium-font-size\">HAYDAR KULAKSIZ VEFAT ETM\u0130\u015eT\u0130R<\/p>\n\n\n\n<p class=\"has-medium-font-size\">K\u00f6y\u00fcm\u00fcz halk\u0131ndan Mevl\u00fct KULAKSIZ &#8216;n\u0131n o\u011flu Haydar KULAKSIZ Antalya da Vefat etmi\u015ftir. Cenazesi 28.11.2025 Cuma g\u00fcn\u00fc Cuma Namaz\u0131ndan <a><\/a>sonra Antalya da defin edilecektir. Merhuma Allah&#8217;tan rahmet diler, geride kalan ailesi ve yak\u0131nlar\u0131na ba\u015fsa\u011fl\u0131\u011f\u0131 dileriz.<\/p>\n\n\n\n<p class=\"has-medium-font-size\">\u0130rtibat Tel. Karde\u015fi R\u0131za KULAKSIZ: 0545 285 86 76<\/p>\n\n\n\n<p class=\"has-medium-font-size\">DERNEK Y\u00d6NET\u0130M\u0130<\/p>\n","protected":false},"excerpt":{"rendered":"<p>HAYDAR KULAKSIZ VEFAT ETM\u0130\u015eT\u0130R K\u00f6y\u00fcm\u00fcz halk\u0131ndan Mevl\u00fct KULAKSIZ &#8216;n\u0131n o\u011flu Haydar KULAKSIZ Antalya da Vefat etmi\u015ftir. Cenazesi 28.11.2025 Cuma g\u00fcn\u00fc Cuma Namaz\u0131ndan sonra Antalya da defin edilecektir. Merhuma Allah&#8217;tan rahmet diler, geride kalan ailesi ve yak\u0131nlar\u0131na ba\u015fsa\u011fl\u0131\u011f\u0131 dileriz. \u0130rtibat Tel. Karde\u015fi R\u0131za KULAKSIZ: 0545 285 86 76 DERNEK Y\u00d6NET\u0130M\u0130<\/p>\n","protected":false},"author":8,"featured_media":11849,"comment_status":"open","ping_status":"closed","sticky":false,"template":"","format":"standard","meta":{"footnotes":""},"categories":[5,1,10],"tags":[],"class_list":["post-11848","post","type-post","status-publish","format-standard","has-post-thumbnail","hentry","category-duyurular","category-haberler","category-vefat-haberleri"],"_links":{"self":[{"href":"http:\/\/yelekdernegi.net\/tr\/wp-json\/wp\/v2\/posts\/11848","targetHints":{"allow":["GET"]}}],"collection":[{"href":"http:\/\/yelekdernegi.net\/tr\/wp-json\/wp\/v2\/posts"}],"about":[{"href":"http:\/\/yelekdernegi.net\/tr\/wp-json\/wp\/v2\/types\/post"}],"author":[{"embeddable":true,"href":"http:\/\/yelekdernegi.net\/tr\/wp-json\/wp\/v2\/users\/8"}],"replies":[{"embeddable":true,"href":"http:\/\/yelekdernegi.net\/tr\/wp-json\/wp\/v2\/comments?post=11848"}],"version-history":[{"count":1,"href":"http:\/\/yelekdernegi.net\/tr\/wp-json\/wp\/v2\/posts\/11848\/revisions"}],"predecessor-version":[{"id":11850,"href":"http:\/\/yelekdernegi.net\/tr\/wp-json\/wp\/v2\/posts\/11848\/revisions\/11850"}],"wp:featuredmedia":[{"embeddable":true,"href":"http:\/\/yelekdernegi.net\/tr\/wp-json\/wp\/v2\/media\/11849"}],"wp:attachment":[{"href":"http:\/\/yelekdernegi.net\/tr\/wp-json\/wp\/v2\/media?parent=11848"}],"wp:term":[{"taxonomy":"category","embeddable":true,"href":"http:\/\/yelekdernegi.net\/tr\/wp-json\/wp\/v2\/categories?post=11848"},{"taxonomy":"post_tag","embeddable":true,"href":"http:\/\/yelekdernegi.net\/tr\/wp-json\/wp\/v2\/tags?post=11848"}],"curies":[{"name":"wp","href":"https:\/\/api.w.org\/{rel}","templated":true}]}}