{"id":11832,"date":"2025-11-12T21:28:20","date_gmt":"2025-11-12T18:28:20","guid":{"rendered":"https:\/\/yelekdernegi.net\/tr\/?p=11832"},"modified":"2025-11-12T21:28:21","modified_gmt":"2025-11-12T18:28:21","slug":"fikret-maras-vefat-etmistir","status":"publish","type":"post","link":"http:\/\/yelekdernegi.net\/tr\/fikret-maras-vefat-etmistir\/","title":{"rendered":"F\u0130KRET MARA\u015e VEFAT ETM\u0130\u015eT\u0130R"},"content":{"rendered":"\n<figure class=\"wp-block-image size-full\"><img loading=\"lazy\" decoding=\"async\" width=\"580\" height=\"281\" src=\"https:\/\/yelekdernegi.net\/tr\/wp-content\/uploads\/2025\/11\/fikret-maras-kopya.jpg\" alt=\"\" class=\"wp-image-11826\" srcset=\"https:\/\/yelekdernegi.net\/tr\/wp-content\/uploads\/2025\/11\/fikret-maras-kopya.jpg 580w, https:\/\/yelekdernegi.net\/tr\/wp-content\/uploads\/2025\/11\/fikret-maras-kopya-300x145.jpg 300w\" sizes=\"auto, (max-width: 580px) 100vw, 580px\" \/><\/figure>\n\n\n\n<p><\/p>\n\n\n\n<p class=\"has-medium-font-size\">F\u0130KRET MARA\u015e VEFAT ETM\u0130\u015eT\u0130R<\/p>\n\n\n\n<p class=\"has-medium-font-size\">K\u00f6y\u00fcm\u00fcz halk\u0131ndan Fikret MARA\u015e vefat etmi\u015ftir. Cenazesi 13.11.205 tarihinde Ankara Kar\u015f\u0131yaka mezarl\u0131\u011f\u0131nda Saat 11,30&#8217;da defin edilecektir. Merhuma Allah&#8217;tan rahmet diler geride kalan ailesi ve yak\u0131nlar\u0131na ba\u015fsa\u011fl\u0131\u011f\u0131 dileriz. \u0130rtibat Tel O\u011flu: Mehmet MARA\u015e 0553 790 01 76<\/p>\n\n\n\n<p class=\"has-medium-font-size\">DERNEK Y\u00d6NET\u0130M\u0130<\/p>\n","protected":false},"excerpt":{"rendered":"<p>F\u0130KRET MARA\u015e VEFAT ETM\u0130\u015eT\u0130R K\u00f6y\u00fcm\u00fcz halk\u0131ndan Fikret MARA\u015e vefat etmi\u015ftir. Cenazesi 13.11.205 tarihinde Ankara Kar\u015f\u0131yaka mezarl\u0131\u011f\u0131nda Saat 11,30&#8217;da defin edilecektir. Merhuma Allah&#8217;tan rahmet diler geride kalan ailesi ve yak\u0131nlar\u0131na ba\u015fsa\u011fl\u0131\u011f\u0131 dileriz. \u0130rtibat Tel O\u011flu: Mehmet MARA\u015e 0553 790 01 76 DERNEK Y\u00d6NET\u0130M\u0130<\/p>\n","protected":false},"author":8,"featured_media":11826,"comment_status":"open","ping_status":"closed","sticky":false,"template":"","format":"standard","meta":{"footnotes":""},"categories":[5,1,10],"tags":[],"class_list":["post-11832","post","type-post","status-publish","format-standard","has-post-thumbnail","hentry","category-duyurular","category-haberler","category-vefat-haberleri"],"_links":{"self":[{"href":"http:\/\/yelekdernegi.net\/tr\/wp-json\/wp\/v2\/posts\/11832","targetHints":{"allow":["GET"]}}],"collection":[{"href":"http:\/\/yelekdernegi.net\/tr\/wp-json\/wp\/v2\/posts"}],"about":[{"href":"http:\/\/yelekdernegi.net\/tr\/wp-json\/wp\/v2\/types\/post"}],"author":[{"embeddable":true,"href":"http:\/\/yelekdernegi.net\/tr\/wp-json\/wp\/v2\/users\/8"}],"replies":[{"embeddable":true,"href":"http:\/\/yelekdernegi.net\/tr\/wp-json\/wp\/v2\/comments?post=11832"}],"version-history":[{"count":1,"href":"http:\/\/yelekdernegi.net\/tr\/wp-json\/wp\/v2\/posts\/11832\/revisions"}],"predecessor-version":[{"id":11833,"href":"http:\/\/yelekdernegi.net\/tr\/wp-json\/wp\/v2\/posts\/11832\/revisions\/11833"}],"wp:featuredmedia":[{"embeddable":true,"href":"http:\/\/yelekdernegi.net\/tr\/wp-json\/wp\/v2\/media\/11826"}],"wp:attachment":[{"href":"http:\/\/yelekdernegi.net\/tr\/wp-json\/wp\/v2\/media?parent=11832"}],"wp:term":[{"taxonomy":"category","embeddable":true,"href":"http:\/\/yelekdernegi.net\/tr\/wp-json\/wp\/v2\/categories?post=11832"},{"taxonomy":"post_tag","embeddable":true,"href":"http:\/\/yelekdernegi.net\/tr\/wp-json\/wp\/v2\/tags?post=11832"}],"curies":[{"name":"wp","href":"https:\/\/api.w.org\/{rel}","templated":true}]}}