{"id":11817,"date":"2025-11-05T20:21:13","date_gmt":"2025-11-05T17:21:13","guid":{"rendered":"https:\/\/yelekdernegi.net\/tr\/?p=11817"},"modified":"2025-11-05T20:42:15","modified_gmt":"2025-11-05T17:42:15","slug":"kemal-celik-vefat-etmistir","status":"publish","type":"post","link":"http:\/\/yelekdernegi.net\/tr\/kemal-celik-vefat-etmistir\/","title":{"rendered":"Kemal \u00c7EL\u0130K Vefat etmi\u015ftir"},"content":{"rendered":"\n<figure class=\"wp-block-image size-full\"><img loading=\"lazy\" decoding=\"async\" width=\"970\" height=\"522\" src=\"https:\/\/yelekdernegi.net\/tr\/wp-content\/uploads\/2025\/11\/Kemal-CELIK-kopya-1.jpg\" alt=\"\" class=\"wp-image-11822\" srcset=\"https:\/\/yelekdernegi.net\/tr\/wp-content\/uploads\/2025\/11\/Kemal-CELIK-kopya-1.jpg 970w, https:\/\/yelekdernegi.net\/tr\/wp-content\/uploads\/2025\/11\/Kemal-CELIK-kopya-1-300x161.jpg 300w, https:\/\/yelekdernegi.net\/tr\/wp-content\/uploads\/2025\/11\/Kemal-CELIK-kopya-1-768x413.jpg 768w\" sizes=\"auto, (max-width: 970px) 100vw, 970px\" \/><\/figure>\n\n\n\n<p class=\"has-medium-font-size\">Kemal \u00c7EL\u0130K Vefat etmi\u015ftir<br \/>K\u00f6y\u00fcm\u00fcz halk\u0131ndan Mustafa \u00c7EL\u0130K\u2019in o\u011flu Kemal \u00c7EL\u0130K vefat etmi\u015ftir. Cenazesi 06.11.2025 tarihinde \u00f6\u011fle namaz\u0131ndan sonra Yelek K\u00f6y\u00fcnde defin edilecektir. Merhuma Allahtan rahmet diler geride kalan ailesi ve yak\u0131nlar\u0131na ba\u015f sa\u011fl\u0131\u011f\u0131 dileriz.<br \/>\u0130rtibat Tel: O\u011flu Y\u0131lmaz \u00c7EL\u0130K: 0543 611 91 32<br \/>DERNEK Y\u00d6NET\u0130M\u0130<\/p>\n","protected":false},"excerpt":{"rendered":"<p>Kemal \u00c7EL\u0130K Vefat etmi\u015ftirK\u00f6y\u00fcm\u00fcz halk\u0131ndan Mustafa \u00c7EL\u0130K\u2019in o\u011flu Kemal \u00c7EL\u0130K vefat etmi\u015ftir. Cenazesi 06.11.2025 tarihinde \u00f6\u011fle namaz\u0131ndan sonra Yelek K\u00f6y\u00fcnde defin edilecektir. Merhuma Allahtan rahmet diler geride kalan ailesi ve yak\u0131nlar\u0131na ba\u015f sa\u011fl\u0131\u011f\u0131 dileriz.\u0130rtibat Tel: O\u011flu Y\u0131lmaz \u00c7EL\u0130K: 0543 611 91 32DERNEK Y\u00d6NET\u0130M\u0130<\/p>\n","protected":false},"author":8,"featured_media":11824,"comment_status":"open","ping_status":"closed","sticky":false,"template":"","format":"standard","meta":{"footnotes":""},"categories":[5,1,10],"tags":[],"class_list":["post-11817","post","type-post","status-publish","format-standard","has-post-thumbnail","hentry","category-duyurular","category-haberler","category-vefat-haberleri"],"_links":{"self":[{"href":"http:\/\/yelekdernegi.net\/tr\/wp-json\/wp\/v2\/posts\/11817","targetHints":{"allow":["GET"]}}],"collection":[{"href":"http:\/\/yelekdernegi.net\/tr\/wp-json\/wp\/v2\/posts"}],"about":[{"href":"http:\/\/yelekdernegi.net\/tr\/wp-json\/wp\/v2\/types\/post"}],"author":[{"embeddable":true,"href":"http:\/\/yelekdernegi.net\/tr\/wp-json\/wp\/v2\/users\/8"}],"replies":[{"embeddable":true,"href":"http:\/\/yelekdernegi.net\/tr\/wp-json\/wp\/v2\/comments?post=11817"}],"version-history":[{"count":2,"href":"http:\/\/yelekdernegi.net\/tr\/wp-json\/wp\/v2\/posts\/11817\/revisions"}],"predecessor-version":[{"id":11823,"href":"http:\/\/yelekdernegi.net\/tr\/wp-json\/wp\/v2\/posts\/11817\/revisions\/11823"}],"wp:featuredmedia":[{"embeddable":true,"href":"http:\/\/yelekdernegi.net\/tr\/wp-json\/wp\/v2\/media\/11824"}],"wp:attachment":[{"href":"http:\/\/yelekdernegi.net\/tr\/wp-json\/wp\/v2\/media?parent=11817"}],"wp:term":[{"taxonomy":"category","embeddable":true,"href":"http:\/\/yelekdernegi.net\/tr\/wp-json\/wp\/v2\/categories?post=11817"},{"taxonomy":"post_tag","embeddable":true,"href":"http:\/\/yelekdernegi.net\/tr\/wp-json\/wp\/v2\/tags?post=11817"}],"curies":[{"name":"wp","href":"https:\/\/api.w.org\/{rel}","templated":true}]}}