{"id":11811,"date":"2025-10-19T07:51:28","date_gmt":"2025-10-19T04:51:28","guid":{"rendered":"https:\/\/yelekdernegi.net\/tr\/?p=11811"},"modified":"2025-10-19T07:51:29","modified_gmt":"2025-10-19T04:51:29","slug":"lutfi-yagmur-vefat-etmistir","status":"publish","type":"post","link":"http:\/\/yelekdernegi.net\/tr\/lutfi-yagmur-vefat-etmistir\/","title":{"rendered":"L\u00dcTF\u0130 YA\u011eMUR VEFAT ETM\u0130\u015eT\u0130R"},"content":{"rendered":"\n<figure class=\"wp-block-image size-full\"><img loading=\"lazy\" decoding=\"async\" width=\"580\" height=\"281\" src=\"https:\/\/yelekdernegi.net\/tr\/wp-content\/uploads\/2025\/10\/Lutfi-YAGMUR.jpg\" alt=\"\" class=\"wp-image-11812\" srcset=\"https:\/\/yelekdernegi.net\/tr\/wp-content\/uploads\/2025\/10\/Lutfi-YAGMUR.jpg 580w, https:\/\/yelekdernegi.net\/tr\/wp-content\/uploads\/2025\/10\/Lutfi-YAGMUR-300x145.jpg 300w\" sizes=\"auto, (max-width: 580px) 100vw, 580px\" \/><\/figure>\n\n\n\n<p><\/p>\n\n\n\n<p class=\"has-medium-font-size\">L\u00dcTF\u0130 YA\u011eMUR VEFAT ETM\u0130\u015eT\u0130R<\/p>\n\n\n\n<p class=\"has-medium-font-size\">K\u00f6y\u00fcm\u00fcz halk\u0131ndan Musalar\u0131n Hanifi\u2019nin o\u011flu L\u00fctfi YA\u011eMUR vefat etmi\u015ftir. Cenazesi 19.10.2025 tarihinde \u00f6\u011fle namaz\u0131ndan sonra kamanda defin <a><\/a>edilecek olup, taziyeler Alpaslan T\u00fcrke\u015f Caddesi No: 89 Kaman Adresindeki evinde kabul edilecektir. Merhuma Allahtan rahmet diler geride kalan ailesi ve yak\u0131nlar\u0131na ba\u015f sa\u011fl\u0131\u011f\u0131 dileriz.<\/p>\n\n\n\n<p class=\"has-medium-font-size\">\u0130rtibat TEL : O\u011flu: Mustafa YA\u011eMUR: 0535 831 78 28<\/p>\n\n\n\n<p class=\"has-medium-font-size\">DERNEK Y\u00d6NET\u0130M\u0130<\/p>\n","protected":false},"excerpt":{"rendered":"<p>L\u00dcTF\u0130 YA\u011eMUR VEFAT ETM\u0130\u015eT\u0130R K\u00f6y\u00fcm\u00fcz halk\u0131ndan Musalar\u0131n Hanifi\u2019nin o\u011flu L\u00fctfi YA\u011eMUR vefat etmi\u015ftir. Cenazesi 19.10.2025 tarihinde \u00f6\u011fle namaz\u0131ndan sonra kamanda defin edilecek olup, taziyeler Alpaslan T\u00fcrke\u015f Caddesi No: 89 Kaman Adresindeki evinde kabul edilecektir. Merhuma Allahtan rahmet diler geride kalan ailesi ve yak\u0131nlar\u0131na ba\u015f sa\u011fl\u0131\u011f\u0131 dileriz. \u0130rtibat TEL : O\u011flu: Mustafa YA\u011eMUR: 0535 831 78 28 DERNEK Y\u00d6NET\u0130M\u0130<\/p>\n","protected":false},"author":8,"featured_media":11812,"comment_status":"open","ping_status":"closed","sticky":false,"template":"","format":"standard","meta":{"footnotes":""},"categories":[5,1,10],"tags":[],"class_list":["post-11811","post","type-post","status-publish","format-standard","has-post-thumbnail","hentry","category-duyurular","category-haberler","category-vefat-haberleri"],"_links":{"self":[{"href":"http:\/\/yelekdernegi.net\/tr\/wp-json\/wp\/v2\/posts\/11811","targetHints":{"allow":["GET"]}}],"collection":[{"href":"http:\/\/yelekdernegi.net\/tr\/wp-json\/wp\/v2\/posts"}],"about":[{"href":"http:\/\/yelekdernegi.net\/tr\/wp-json\/wp\/v2\/types\/post"}],"author":[{"embeddable":true,"href":"http:\/\/yelekdernegi.net\/tr\/wp-json\/wp\/v2\/users\/8"}],"replies":[{"embeddable":true,"href":"http:\/\/yelekdernegi.net\/tr\/wp-json\/wp\/v2\/comments?post=11811"}],"version-history":[{"count":1,"href":"http:\/\/yelekdernegi.net\/tr\/wp-json\/wp\/v2\/posts\/11811\/revisions"}],"predecessor-version":[{"id":11813,"href":"http:\/\/yelekdernegi.net\/tr\/wp-json\/wp\/v2\/posts\/11811\/revisions\/11813"}],"wp:featuredmedia":[{"embeddable":true,"href":"http:\/\/yelekdernegi.net\/tr\/wp-json\/wp\/v2\/media\/11812"}],"wp:attachment":[{"href":"http:\/\/yelekdernegi.net\/tr\/wp-json\/wp\/v2\/media?parent=11811"}],"wp:term":[{"taxonomy":"category","embeddable":true,"href":"http:\/\/yelekdernegi.net\/tr\/wp-json\/wp\/v2\/categories?post=11811"},{"taxonomy":"post_tag","embeddable":true,"href":"http:\/\/yelekdernegi.net\/tr\/wp-json\/wp\/v2\/tags?post=11811"}],"curies":[{"name":"wp","href":"https:\/\/api.w.org\/{rel}","templated":true}]}}