{"id":11797,"date":"2025-10-03T16:38:10","date_gmt":"2025-10-03T13:38:10","guid":{"rendered":"https:\/\/yelekdernegi.net\/tr\/?p=11797"},"modified":"2025-10-03T16:38:11","modified_gmt":"2025-10-03T13:38:11","slug":"ali-ali-koca-satilmis-vefat-etmistir","status":"publish","type":"post","link":"http:\/\/yelekdernegi.net\/tr\/ali-ali-koca-satilmis-vefat-etmistir\/","title":{"rendered":"Ali (AL\u0130 KOCA) SATILMI\u015e VEFAT ETM\u0130\u015eT\u0130R"},"content":{"rendered":"\n<figure class=\"wp-block-image size-full\"><img loading=\"lazy\" decoding=\"async\" width=\"580\" height=\"281\" src=\"https:\/\/yelekdernegi.net\/tr\/wp-content\/uploads\/2025\/10\/ali-satilmis-kopya.jpg\" alt=\"\" class=\"wp-image-11798\" srcset=\"https:\/\/yelekdernegi.net\/tr\/wp-content\/uploads\/2025\/10\/ali-satilmis-kopya.jpg 580w, https:\/\/yelekdernegi.net\/tr\/wp-content\/uploads\/2025\/10\/ali-satilmis-kopya-300x145.jpg 300w\" sizes=\"auto, (max-width: 580px) 100vw, 580px\" \/><\/figure>\n\n\n\n<p><\/p>\n\n\n\n<p class=\"has-medium-font-size\">Ali (AL\u0130 KOCA) SATILMI\u015e VEFAT ETM\u0130\u015eT\u0130R<\/p>\n\n\n\n<p class=\"has-medium-font-size\">K\u00f6y\u00fcm\u00fcz halk\u0131ndan Ali SATILMI\u015e (AL\u0130 KOCA) vefat etmi\u015ftir. Cenazesi 04.10.2025 tarihinde Kaman\u2019da \u00f6\u011fle namaz\u0131ndan sonra defin <a><\/a>edilecektir. Merhuma Allah\u2019tan rahmet diler geride kalan ailesi ve yak\u0131nlar\u0131na ba\u015f sa\u011fl\u0131\u011f\u0131 dileriz. \u0130rtibat Tel: Duran SATILMI\u015e: 0535 453 29 28<\/p>\n\n\n\n<p class=\"has-medium-font-size\">DERNEK Y\u00d6NET\u0130M\u0130<\/p>\n","protected":false},"excerpt":{"rendered":"<p>Ali (AL\u0130 KOCA) SATILMI\u015e VEFAT ETM\u0130\u015eT\u0130R K\u00f6y\u00fcm\u00fcz halk\u0131ndan Ali SATILMI\u015e (AL\u0130 KOCA) vefat etmi\u015ftir. Cenazesi 04.10.2025 tarihinde Kaman\u2019da \u00f6\u011fle namaz\u0131ndan sonra defin edilecektir. Merhuma Allah\u2019tan rahmet diler geride kalan ailesi ve yak\u0131nlar\u0131na ba\u015f sa\u011fl\u0131\u011f\u0131 dileriz. \u0130rtibat Tel: Duran SATILMI\u015e: 0535 453 29 28 DERNEK Y\u00d6NET\u0130M\u0130<\/p>\n","protected":false},"author":8,"featured_media":11798,"comment_status":"open","ping_status":"closed","sticky":false,"template":"","format":"standard","meta":{"footnotes":""},"categories":[5,1,10],"tags":[],"class_list":["post-11797","post","type-post","status-publish","format-standard","has-post-thumbnail","hentry","category-duyurular","category-haberler","category-vefat-haberleri"],"_links":{"self":[{"href":"http:\/\/yelekdernegi.net\/tr\/wp-json\/wp\/v2\/posts\/11797","targetHints":{"allow":["GET"]}}],"collection":[{"href":"http:\/\/yelekdernegi.net\/tr\/wp-json\/wp\/v2\/posts"}],"about":[{"href":"http:\/\/yelekdernegi.net\/tr\/wp-json\/wp\/v2\/types\/post"}],"author":[{"embeddable":true,"href":"http:\/\/yelekdernegi.net\/tr\/wp-json\/wp\/v2\/users\/8"}],"replies":[{"embeddable":true,"href":"http:\/\/yelekdernegi.net\/tr\/wp-json\/wp\/v2\/comments?post=11797"}],"version-history":[{"count":1,"href":"http:\/\/yelekdernegi.net\/tr\/wp-json\/wp\/v2\/posts\/11797\/revisions"}],"predecessor-version":[{"id":11799,"href":"http:\/\/yelekdernegi.net\/tr\/wp-json\/wp\/v2\/posts\/11797\/revisions\/11799"}],"wp:featuredmedia":[{"embeddable":true,"href":"http:\/\/yelekdernegi.net\/tr\/wp-json\/wp\/v2\/media\/11798"}],"wp:attachment":[{"href":"http:\/\/yelekdernegi.net\/tr\/wp-json\/wp\/v2\/media?parent=11797"}],"wp:term":[{"taxonomy":"category","embeddable":true,"href":"http:\/\/yelekdernegi.net\/tr\/wp-json\/wp\/v2\/categories?post=11797"},{"taxonomy":"post_tag","embeddable":true,"href":"http:\/\/yelekdernegi.net\/tr\/wp-json\/wp\/v2\/tags?post=11797"}],"curies":[{"name":"wp","href":"https:\/\/api.w.org\/{rel}","templated":true}]}}