{"id":11787,"date":"2025-10-03T16:33:21","date_gmt":"2025-10-03T13:33:21","guid":{"rendered":"https:\/\/yelekdernegi.net\/tr\/?p=11787"},"modified":"2025-10-03T16:36:18","modified_gmt":"2025-10-03T13:36:18","slug":"nazik-guzel-vefat-etmistir","status":"publish","type":"post","link":"http:\/\/yelekdernegi.net\/tr\/nazik-guzel-vefat-etmistir\/","title":{"rendered":"NAZ\u0130K G\u00dcZEL VEFAT ETM\u0130\u015eT\u0130R"},"content":{"rendered":"\n<figure class=\"wp-block-image size-full\"><img loading=\"lazy\" decoding=\"async\" width=\"1080\" height=\"523\" src=\"https:\/\/yelekdernegi.net\/tr\/wp-content\/uploads\/2025\/10\/551004346_1446522977480560_3849596430828478415_n.jpg\" alt=\"\" class=\"wp-image-11788\" srcset=\"https:\/\/yelekdernegi.net\/tr\/wp-content\/uploads\/2025\/10\/551004346_1446522977480560_3849596430828478415_n.jpg 1080w, https:\/\/yelekdernegi.net\/tr\/wp-content\/uploads\/2025\/10\/551004346_1446522977480560_3849596430828478415_n-300x145.jpg 300w, https:\/\/yelekdernegi.net\/tr\/wp-content\/uploads\/2025\/10\/551004346_1446522977480560_3849596430828478415_n-768x372.jpg 768w\" sizes=\"auto, (max-width: 1080px) 100vw, 1080px\" \/><\/figure>\n\n\n\n<p><\/p>\n\n\n\n<p class=\"has-medium-font-size\">NAZ\u0130K G\u00dcZEL VEFAT ETM\u0130\u015eT\u0130R<br \/>K\u00f6y\u00fcm\u00fcz halk\u0131ndan \u00d6mer G\u00dcZEL&#8217;in e\u015fi Nazik G\u00dcZEL vefat etmi\u015ftiri. Cenazesi 24.09.2025 tarihinde (bug\u00fcn) \u00f6\u011fle namaz\u0131ndan sonra Yelek K\u00f6y\u00fcnde defin edilecektir. Merhumeye Allah&#8217;tan rahmet diler geride kalan ailesi ve yak\u0131nlar\u0131na ba\u015fsa\u011fl\u0131\u011f\u0131 dileriz.<br \/>DERNEK Y\u00d6NET\u0130M\u0130<\/p>\n","protected":false},"excerpt":{"rendered":"<p>NAZ\u0130K G\u00dcZEL VEFAT ETM\u0130\u015eT\u0130RK\u00f6y\u00fcm\u00fcz halk\u0131ndan \u00d6mer G\u00dcZEL&#8217;in e\u015fi Nazik G\u00dcZEL vefat etmi\u015ftiri. Cenazesi 24.09.2025 tarihinde (bug\u00fcn) \u00f6\u011fle namaz\u0131ndan sonra Yelek K\u00f6y\u00fcnde defin edilecektir. Merhumeye Allah&#8217;tan rahmet diler geride kalan ailesi ve yak\u0131nlar\u0131na ba\u015fsa\u011fl\u0131\u011f\u0131 dileriz.DERNEK Y\u00d6NET\u0130M\u0130<\/p>\n","protected":false},"author":8,"featured_media":11788,"comment_status":"open","ping_status":"closed","sticky":false,"template":"","format":"standard","meta":{"footnotes":""},"categories":[5,1,10],"tags":[],"class_list":["post-11787","post","type-post","status-publish","format-standard","has-post-thumbnail","hentry","category-duyurular","category-haberler","category-vefat-haberleri"],"_links":{"self":[{"href":"http:\/\/yelekdernegi.net\/tr\/wp-json\/wp\/v2\/posts\/11787","targetHints":{"allow":["GET"]}}],"collection":[{"href":"http:\/\/yelekdernegi.net\/tr\/wp-json\/wp\/v2\/posts"}],"about":[{"href":"http:\/\/yelekdernegi.net\/tr\/wp-json\/wp\/v2\/types\/post"}],"author":[{"embeddable":true,"href":"http:\/\/yelekdernegi.net\/tr\/wp-json\/wp\/v2\/users\/8"}],"replies":[{"embeddable":true,"href":"http:\/\/yelekdernegi.net\/tr\/wp-json\/wp\/v2\/comments?post=11787"}],"version-history":[{"count":3,"href":"http:\/\/yelekdernegi.net\/tr\/wp-json\/wp\/v2\/posts\/11787\/revisions"}],"predecessor-version":[{"id":11795,"href":"http:\/\/yelekdernegi.net\/tr\/wp-json\/wp\/v2\/posts\/11787\/revisions\/11795"}],"wp:featuredmedia":[{"embeddable":true,"href":"http:\/\/yelekdernegi.net\/tr\/wp-json\/wp\/v2\/media\/11788"}],"wp:attachment":[{"href":"http:\/\/yelekdernegi.net\/tr\/wp-json\/wp\/v2\/media?parent=11787"}],"wp:term":[{"taxonomy":"category","embeddable":true,"href":"http:\/\/yelekdernegi.net\/tr\/wp-json\/wp\/v2\/categories?post=11787"},{"taxonomy":"post_tag","embeddable":true,"href":"http:\/\/yelekdernegi.net\/tr\/wp-json\/wp\/v2\/tags?post=11787"}],"curies":[{"name":"wp","href":"https:\/\/api.w.org\/{rel}","templated":true}]}}